{"id":103,"__str__":"Projeto de Lei - C\u00e2mara n\u00ba 3 de 2026","link_detail_backend":"/materia/103","metadata":{},"numero":3,"ano":2026,"numero_protocolo":null,"data_apresentacao":"2026-03-12","tipo_apresentacao":"E","data_publicacao":null,"numero_origem_externa":"","ano_origem_externa":null,"data_origem_externa":null,"apelido":"","dias_prazo":null,"data_fim_prazo":null,"em_tramitacao":true,"polemica":false,"objeto":"","complementar":false,"ementa":"PROJETO DE LEI VISANDO A INSTITUI\u00c7\u00c3O DA GARANTIA DE ATENDIMENTO PREFERENCIAL \u00c0S PESSOAS EM TRATAMENTO DE C\u00c2NCER NO \u00c2MBITO DO MUNIC\u00cdPIO DE MENDES/RJ E D\u00c1 OUTRAS PROVID\u00caNCIAS.","indexacao":"ATENDIMENTO\r\nPREFERENCIAL\r\nC\u00c2NCER","observacao":"","resultado":"","texto_original":"http://sapl.mendes.rj.leg.br/media/sapl/public/materialegislativa/2026/103/proj_lei_atend_pref_cancer.pdf","data_ultima_atualizacao":"2026-04-17T15:08:42.249253-03:00","ip":"168.0.38.195","ultima_edicao":"2026-03-12T13:53:09.304083-03:00","tipo":18,"regime_tramitacao":1,"tipo_origem_externa":null,"local_origem_externa":null,"user":3,"anexadas":[],"autores":[9]}