{"id":109,"__str__":"Projeto de Lei - C\u00e2mara n\u00ba 5 de 2026","link_detail_backend":"/materia/109","metadata":{},"numero":5,"ano":2026,"numero_protocolo":null,"data_apresentacao":"2026-03-12","tipo_apresentacao":"E","data_publicacao":null,"numero_origem_externa":"","ano_origem_externa":null,"data_origem_externa":null,"apelido":"","dias_prazo":null,"data_fim_prazo":null,"em_tramitacao":true,"polemica":false,"objeto":"","complementar":false,"ementa":"PROJETO DE LEI: DISP\u00d5E SOBRE A INCLUS\u00c3O DO EVENTO \"DEGUSTA MENDES\" NO CALEND\u00c1RIO OFICIAL DE EVENTOS DO MUNIC\u00cdPIO DE MENDES/RJ E D\u00c1 OUTRAS PROVID\u00caNCIAS.","indexacao":"EVENTO","observacao":"","resultado":"","texto_original":"http://sapl.mendes.rj.leg.br/media/sapl/public/materialegislativa/2026/109/pl_enfp_001.pdf","data_ultima_atualizacao":"2026-04-17T12:28:36.130423-03:00","ip":"168.0.38.195","ultima_edicao":"2026-03-12T17:42:46.922137-03:00","tipo":18,"regime_tramitacao":1,"tipo_origem_externa":null,"local_origem_externa":null,"user":3,"anexadas":[228],"autores":[12]}