{"id":182,"__str__":"Projeto de Lei - C\u00e2mara n\u00ba 8 de 2026","link_detail_backend":"/materia/182","metadata":{"signs":{"texto_original":{"admin":[],"autores":[["Mateus de Souza Bizarra",["2026-04-06T15:08:02-03:00","Gov-Br"]]]}}},"numero":8,"ano":2026,"numero_protocolo":null,"data_apresentacao":"2026-04-06","tipo_apresentacao":"E","data_publicacao":null,"numero_origem_externa":"","ano_origem_externa":null,"data_origem_externa":null,"apelido":"","dias_prazo":null,"data_fim_prazo":null,"em_tramitacao":true,"polemica":false,"objeto":"","complementar":false,"ementa":"DISP\u00d5E SOBRE A INCLUS\u00c3O DA ENCENA\u00c7\u00c3O DA PAIX\u00c3O DE CRISTO NO CALEND\u00c1RIO OFICIAL DE EVENTOS DO \r\nMUNIC\u00cdPIO DE MENDES, COM CAR\u00c1TER \r\nCULTURAL, E D\u00c1 OUTRAS PROVID\u00caNCIAS.","indexacao":"","observacao":"CULTURA","resultado":"","texto_original":"http://sapl.mendes.rj.leg.br/media/sapl/public/materialegislativa/2026/182/projeto_de_lei_002msb_assinado.pdf","data_ultima_atualizacao":"2026-04-10T12:35:47.464873-03:00","ip":"168.0.38.200","ultima_edicao":"2026-04-06T15:14:30.787186-03:00","tipo":18,"regime_tramitacao":1,"tipo_origem_externa":null,"local_origem_externa":null,"user":21,"anexadas":[],"autores":[15]}