{"id":189,"__str__":"Indica\u00e7\u00e3o n\u00ba 126 de 2026","link_detail_backend":"/materia/189","metadata":{"signs":{"texto_original":{"admin":[],"autores":[["Rodolfo Paschoal Oliveira",["2026-04-07T15:30:09-03:00","Gov-Br"]]]}}},"numero":126,"ano":2026,"numero_protocolo":null,"data_apresentacao":"2026-04-08","tipo_apresentacao":"E","data_publicacao":null,"numero_origem_externa":"","ano_origem_externa":null,"data_origem_externa":null,"apelido":"","dias_prazo":null,"data_fim_prazo":null,"em_tramitacao":false,"polemica":false,"objeto":"","complementar":false,"ementa":"IMPLANTA\u00c7\u00c3O DE ILUMINA\u00c7\u00c3O P\u00daBLICA NA ESCADARIA ADAMASTOR \r\nLOPES DA SILVA- RUA MODESTO LINS (FALC\u00c3O DIAS).","indexacao":"","observacao":"","resultado":"","texto_original":"http://sapl.mendes.rj.leg.br/media/sapl/public/materialegislativa/2026/189/021_indicacao_iluminacao_publica_escadaria_adasmator-_falcao_dias_assinado.pdf","data_ultima_atualizacao":"2026-04-10T15:57:06.042650-03:00","ip":"179.48.75.20","ultima_edicao":"2026-04-08T09:16:08.733097-03:00","tipo":1,"regime_tramitacao":1,"tipo_origem_externa":null,"local_origem_externa":null,"user":20,"anexadas":[],"autores":[16]}