{"id":27,"__str__":"Indica\u00e7\u00e3o n\u00ba 13 de 2026","link_detail_backend":"/materia/27","metadata":{},"numero":13,"ano":2026,"numero_protocolo":null,"data_apresentacao":"2026-02-19","tipo_apresentacao":"E","data_publicacao":null,"numero_origem_externa":"","ano_origem_externa":null,"data_origem_externa":null,"apelido":"","dias_prazo":null,"data_fim_prazo":null,"em_tramitacao":false,"polemica":false,"objeto":"","complementar":false,"ementa":"INDICA\u00c7\u00c3O PARA RETIRADA DE OBST\u00c1CULO NA CAL\u00c7ADA DA TRAVESSA TIB\u00daRCIO PEGADO PARA GARANTIR ACESSIBILIDADE NO CENTRO DA CIDADE.","indexacao":"Centro\r\nTravessa Tib\u00farcio Pegado\r\nAcessibilidade\r\nCal\u00e7ada","observacao":"","resultado":"","texto_original":"http://sapl.mendes.rj.leg.br/media/sapl/public/materialegislativa/2026/27/ind_amm_006.pdf","data_ultima_atualizacao":"2026-02-25T16:00:26.537719-03:00","ip":"168.0.38.195","ultima_edicao":"2026-02-24T16:43:16.343129-03:00","tipo":1,"regime_tramitacao":1,"tipo_origem_externa":null,"local_origem_externa":null,"user":2,"anexadas":[],"autores":[9]}