{"id":32,"__str__":"Indica\u00e7\u00e3o n\u00ba 18 de 2026","link_detail_backend":"/materia/32","metadata":{},"numero":18,"ano":2026,"numero_protocolo":null,"data_apresentacao":"2026-02-19","tipo_apresentacao":"E","data_publicacao":null,"numero_origem_externa":"","ano_origem_externa":null,"data_origem_externa":null,"apelido":"","dias_prazo":null,"data_fim_prazo":null,"em_tramitacao":false,"polemica":false,"objeto":"","complementar":false,"ementa":"REINDICA\u00c7\u00c3O DA SOLICITA\u00c7\u00c3O DE REPARO (TAPA BURACOS) EM TODA EXTENS\u00c3O DA LADEIRA DO BELA VISTA (DO IN\u00cdCIO NA RUA MANOEL GON\u00c7ALVES DE ABREU AT\u00c9 O FINAL DA LADEIRA)","indexacao":"BURACO\r\nLADEIRA\r\nBELA VISTA","observacao":"","resultado":"","texto_original":"http://sapl.mendes.rj.leg.br/media/sapl/public/materialegislativa/2026/32/ind_amm_011.pdf","data_ultima_atualizacao":"2026-02-25T16:00:27.510210-03:00","ip":"168.0.38.195","ultima_edicao":"2026-02-19T16:33:33.501910-03:00","tipo":1,"regime_tramitacao":1,"tipo_origem_externa":null,"local_origem_externa":null,"user":11,"anexadas":[],"autores":[9]}