{"id":34,"__str__":"OFICIO n\u00ba 8 de 2026","link_detail_backend":"/materia/34","metadata":{},"numero":8,"ano":2026,"numero_protocolo":null,"data_apresentacao":"2026-02-04","tipo_apresentacao":"","data_publicacao":null,"numero_origem_externa":"","ano_origem_externa":null,"data_origem_externa":null,"apelido":"","dias_prazo":null,"data_fim_prazo":null,"em_tramitacao":true,"polemica":false,"objeto":"","complementar":false,"ementa":"Solicita\u00e7\u00e3o da Secretaria Municipal de Sa\u00fade para o Uso do Plen\u00e1rio da C\u00e2mara Municipal de Mendes dia 23/02, \u00e0s 10h.","indexacao":"","observacao":"","resultado":"","texto_original":"http://sapl.mendes.rj.leg.br/media/sapl/public/materialegislativa/2026/34/oficio_08.2026_sms.pdf","data_ultima_atualizacao":"2026-02-25T14:29:00.592863-03:00","ip":"168.0.38.195","ultima_edicao":"2026-02-25T14:29:00.454920-03:00","tipo":16,"regime_tramitacao":1,"tipo_origem_externa":null,"local_origem_externa":null,"user":4,"anexadas":[],"autores":[]}