{"id":39,"__str__":"Indica\u00e7\u00e3o n\u00ba 9 de 2026","link_detail_backend":"/materia/39","metadata":{"signs":{"texto_original":{"admin":[],"autores":[["Rodolfo Paschoal Oliveira",["2026-02-23T08:56:00-03:00","Gov-Br"]]]}}},"numero":9,"ano":2026,"numero_protocolo":null,"data_apresentacao":"2026-02-23","tipo_apresentacao":"E","data_publicacao":null,"numero_origem_externa":"","ano_origem_externa":null,"data_origem_externa":null,"apelido":"","dias_prazo":null,"data_fim_prazo":null,"em_tramitacao":false,"polemica":false,"objeto":"","complementar":false,"ementa":"REFORMA DE ESCADA E INSTALA\u00c7\u00c3O DE CORRIM\u00c3O NA TRAVESSA \r\nMODESTO LINS-FALC\u00c3O DIAS.","indexacao":"","observacao":"","resultado":"","texto_original":"http://sapl.mendes.rj.leg.br/media/sapl/public/materialegislativa/2026/39/002_indicacao_reforma_de_escada_e_corrimao_modesto_lins_assinado.pdf","data_ultima_atualizacao":"2026-03-09T08:32:28.826545-03:00","ip":"179.48.75.46","ultima_edicao":"2026-02-23T09:44:09.889491-03:00","tipo":1,"regime_tramitacao":1,"tipo_origem_externa":null,"local_origem_externa":null,"user":20,"anexadas":[],"autores":[16]}