{"id":44,"__str__":"Projeto de Lei - Executivo n\u00ba 7 de 2026","link_detail_backend":"/materia/44","metadata":{"signs":{"texto_original":{"admin":[],"autores":[["Nome do Assinante N\u00e3o Localizado.",["2026-02-19T13:35:49-03:00","FlowDocs"]]]}}},"numero":7,"ano":2026,"numero_protocolo":null,"data_apresentacao":"2026-02-25","tipo_apresentacao":"E","data_publicacao":null,"numero_origem_externa":"","ano_origem_externa":null,"data_origem_externa":null,"apelido":"","dias_prazo":null,"data_fim_prazo":null,"em_tramitacao":true,"polemica":false,"objeto":"","complementar":false,"ementa":"AUTORIZA O PODER EXECUTIVO A OUTORGAR TERMO DE PERMISS\u00c3O DE USO DE BEM P\u00daBLICO \u00c0 SENHORA MARIA DE F\u00c1TIMA ALVES DA SILVA E D\u00c1 OUTRAS PROVID\u00caNCIAS.","indexacao":"Permiss\u00e3o de Uso \r\n\r\n\r\n\r\nMaria de F\u00e1tima Alves da Silva \r\n\r\n\r\n\r\nVila Westey \r\n\r\n\r\nAtividade Comercial de Trailer \r\n\r\n\r\nMendes-RJ","observacao":"","resultado":"","texto_original":"http://sapl.mendes.rj.leg.br/media/sapl/public/materialegislativa/2026/44/007_permissao__de_espaco__publico__traller__da_fatima.pdf","data_ultima_atualizacao":"2026-03-25T14:04:42.206734-03:00","ip":"168.0.38.195","ultima_edicao":"2026-02-26T14:23:27.377456-03:00","tipo":3,"regime_tramitacao":1,"tipo_origem_externa":null,"local_origem_externa":null,"user":2,"anexadas":[],"autores":[19]}