{"id":47,"__str__":"Projeto de Lei - Executivo n\u00ba 10 de 2026","link_detail_backend":"/materia/47","metadata":{"signs":{"texto_original":{"admin":[],"autores":[["Nome do Assinante N\u00e3o Localizado.",["2026-02-25T15:03:43-03:00","FlowDocs"]]]}}},"numero":10,"ano":2026,"numero_protocolo":null,"data_apresentacao":"2026-02-26","tipo_apresentacao":"E","data_publicacao":null,"numero_origem_externa":"","ano_origem_externa":null,"data_origem_externa":null,"apelido":"","dias_prazo":null,"data_fim_prazo":null,"em_tramitacao":true,"polemica":false,"objeto":"","complementar":false,"ementa":"ABERTURA DE CR\u00c9DITO ADICIONAL ESPECIAL EM FAVOR DO FUNDO MUNICIPAL DE EDUCA\u00c7\u00c3O.","indexacao":"Cr\u00e9dito Adicional Especial\r\n\r\nFundo Municipal de Educa\u00e7\u00e3o\r\n\r\nSuplementa\u00e7\u00e3o Or\u00e7ament\u00e1ria\r\n\r\nAnula\u00e7\u00e3o de Dota\u00e7\u00e3o\r\n\r\nAlimenta\u00e7\u00e3o Escolar","observacao":"","resultado":"","texto_original":"http://sapl.mendes.rj.leg.br/media/sapl/public/materialegislativa/2026/47/010_26___anulacao_1.705.pdf","data_ultima_atualizacao":"2026-03-25T14:04:42.479551-03:00","ip":"168.0.38.195","ultima_edicao":"2026-02-26T16:26:54.388624-03:00","tipo":3,"regime_tramitacao":2,"tipo_origem_externa":null,"local_origem_externa":null,"user":2,"anexadas":[],"autores":[]}