{"id":48,"__str__":"Projeto de Lei - Executivo n\u00ba 9 de 2026","link_detail_backend":"/materia/48","metadata":{},"numero":9,"ano":2026,"numero_protocolo":null,"data_apresentacao":"2026-02-26","tipo_apresentacao":"E","data_publicacao":null,"numero_origem_externa":"","ano_origem_externa":null,"data_origem_externa":null,"apelido":"","dias_prazo":null,"data_fim_prazo":null,"em_tramitacao":true,"polemica":false,"objeto":"","complementar":false,"ementa":"ABERTURA DE CR\u00c9DITO ADICIONAL SUPLEMENTAR EM FAVOR DA PREFEITURA MUNICIPAL DE MENDES.","indexacao":"Cr\u00e9dito Suplementar\r\n\r\nAbertura Or\u00e7ament\u00e1ria\r\n\r\nAnula\u00e7\u00e3o de Dota\u00e7\u00e3o\r\n\r\nAdministra\u00e7\u00e3o Municipal\r\n\r\nExecu\u00e7\u00e3o Or\u00e7ament\u00e1ria","observacao":"","resultado":"","texto_original":"http://sapl.mendes.rj.leg.br/media/sapl/public/materialegislativa/2026/48/009-26_-_anulacao_1.704_1.pdf","data_ultima_atualizacao":"2026-03-19T16:45:03.009987-03:00","ip":"168.0.38.195","ultima_edicao":"2026-02-26T16:27:50.501453-03:00","tipo":3,"regime_tramitacao":2,"tipo_origem_externa":null,"local_origem_externa":null,"user":2,"anexadas":[],"autores":[19]}