{"id":57,"__str__":"Projeto de Lei - Executivo n\u00ba 14 de 2026","link_detail_backend":"/materia/57","metadata":{},"numero":14,"ano":2026,"numero_protocolo":null,"data_apresentacao":"2026-03-02","tipo_apresentacao":"","data_publicacao":null,"numero_origem_externa":"","ano_origem_externa":null,"data_origem_externa":null,"apelido":"","dias_prazo":null,"data_fim_prazo":null,"em_tramitacao":false,"polemica":false,"objeto":"","complementar":false,"ementa":"REGULAMENTA O FUNCIONAMENTO DO SERVI\u00c7O DE ACOLHIMENTO INSTITUCIONAL DA REDE DE PROTE\u00c7\u00c3O SOCIAL ESPECIAL NO \u00c2MBITO DO MUNIC\u00cdPIO DE MENDES E D\u00c1 OUTRAS PROVID\u00caNCIAS","indexacao":"Assist\u00eancia Social; Acolhimento Institucional \r\nCrian\u00e7a e Adolescente; Menor em situa\u00e7\u00e3o de risco.\r\nProte\u00e7\u00e3o Social Especial de Alta Complexidade.\r\n\r\nMunic\u00edpio de Mendes \r\n\r\nAbrigo Municipal \r\nDireitos da Crian\u00e7a;","observacao":"","resultado":"","texto_original":"http://sapl.mendes.rj.leg.br/media/sapl/public/materialegislativa/2026/57/014_assistencia.pdf","data_ultima_atualizacao":"2026-03-17T14:05:50.199918-03:00","ip":"168.0.38.195","ultima_edicao":"2026-03-10T16:24:52.522843-03:00","tipo":3,"regime_tramitacao":2,"tipo_origem_externa":null,"local_origem_externa":null,"user":3,"anexadas":[],"autores":[]}