{"id":77,"__str__":"Projeto de Lei - Executivo n\u00ba 8 de 2026","link_detail_backend":"/materia/77","metadata":{"signs":{"texto_original":{"admin":[],"autores":[["Nome do Assinante N\u00e3o Localizado.",["2026-03-04T19:56:39-03:00","FlowDocs"]]]}}},"numero":8,"ano":2026,"numero_protocolo":null,"data_apresentacao":"2026-03-05","tipo_apresentacao":"E","data_publicacao":null,"numero_origem_externa":"","ano_origem_externa":2026,"data_origem_externa":null,"apelido":"","dias_prazo":null,"data_fim_prazo":null,"em_tramitacao":true,"polemica":false,"objeto":"","complementar":false,"ementa":"ABERTURA DE CR\u00c9DITO ADICIONAL SUPLEMENTAR EM FAVOR DA PREFEITURA MUNICIPAL DE MENDES CR\u00c9DITO ADICIONAL SUPLEMENTAR NO VALOR DE R$ 2.370.900,00 (DOIS MILH\u00d5ES, TREZENTOS E SETENTA MIL E NOVECENTOS REAIS), PARA ATENDER A DESPESA DA SEGUINTE DOTA\u00c7\u00c3O OR\u00c7AMENT\u00c1RIA.","indexacao":"Cr\u00e9dito Suplementar\r\n\r\nOr\u00e7amento P\u00fablico\r\n\r\nAnula\u00e7\u00e3o de Dota\u00e7\u00e3o \r\n\r\nPrevid\u00eancia Social\r\n\r\nPoder Executivo","observacao":"","resultado":"","texto_original":"http://sapl.mendes.rj.leg.br/media/sapl/public/materialegislativa/2026/77/008_26___anulacao_1.500.pdf","data_ultima_atualizacao":"2026-03-24T12:55:24.522206-03:00","ip":"168.0.38.195","ultima_edicao":"2026-03-12T14:42:41.476145-03:00","tipo":3,"regime_tramitacao":2,"tipo_origem_externa":3,"local_origem_externa":1,"user":3,"anexadas":[],"autores":[]}