{"id":81,"__str__":"Indica\u00e7\u00e3o n\u00ba 52 de 2026","link_detail_backend":"/materia/81","metadata":{},"numero":52,"ano":2026,"numero_protocolo":null,"data_apresentacao":"2026-03-06","tipo_apresentacao":"E","data_publicacao":null,"numero_origem_externa":"","ano_origem_externa":null,"data_origem_externa":null,"apelido":"","dias_prazo":null,"data_fim_prazo":null,"em_tramitacao":false,"polemica":false,"objeto":"","complementar":false,"ementa":"SOLICITA\u00c7\u00c3O DE CAPINA E LIMPEZA DE C\u00d3RREGO NA RUA CAPIT\u00c3O J\u00daLIO VIEIRA \u2013 FIM DO PONTO","indexacao":"CAPINA\r\nLIMPEZA\r\nC\u00d3RREGO\r\nFIM DO PONTO","observacao":"","resultado":"","texto_original":"http://sapl.mendes.rj.leg.br/media/sapl/public/materialegislativa/2026/81/ind_amm_022_limpeza_rio_rua_cap_julio_vieira.pdf","data_ultima_atualizacao":"2026-03-12T16:48:33.549561-03:00","ip":"168.0.38.195","ultima_edicao":"2026-03-06T11:21:11.139587-03:00","tipo":1,"regime_tramitacao":1,"tipo_origem_externa":null,"local_origem_externa":null,"user":11,"anexadas":[],"autores":[9]}