{"id":89,"__str__":"Indica\u00e7\u00e3o n\u00ba 59 de 2026","link_detail_backend":"/materia/89","metadata":{"signs":{"texto_original":{"admin":[],"autores":[["Rodolfo Paschoal Oliveira",["2026-03-10T12:35:00-03:00","Gov-Br"]]]}}},"numero":59,"ano":2026,"numero_protocolo":null,"data_apresentacao":"2026-03-10","tipo_apresentacao":"E","data_publicacao":null,"numero_origem_externa":"","ano_origem_externa":null,"data_origem_externa":null,"apelido":"","dias_prazo":null,"data_fim_prazo":null,"em_tramitacao":false,"polemica":false,"objeto":"","complementar":false,"ementa":"SERVI\u00c7OS DE CAPINA E LIMPEZA NAS RUAS FALC\u00c3O DIAS, SANTA HELENA E CARIB\u00c9 DA ROCHA.","indexacao":"","observacao":"","resultado":"","texto_original":"http://sapl.mendes.rj.leg.br/media/sapl/public/materialegislativa/2026/89/017-_servico_de_capina_e_limpeza_nas_ruas_do_falcao_assinado.pdf","data_ultima_atualizacao":"2026-03-20T13:12:26.431633-03:00","ip":"168.0.38.195","ultima_edicao":"2026-03-10T12:59:07.450012-03:00","tipo":1,"regime_tramitacao":1,"tipo_origem_externa":null,"local_origem_externa":null,"user":20,"anexadas":[],"autores":[16]}