{"id":95,"__str__":"Projeto de Lei - C\u00e2mara n\u00ba 4 de 2026","link_detail_backend":"/materia/95","metadata":{},"numero":4,"ano":2026,"numero_protocolo":null,"data_apresentacao":"2026-03-10","tipo_apresentacao":"E","data_publicacao":null,"numero_origem_externa":"","ano_origem_externa":null,"data_origem_externa":null,"apelido":"","dias_prazo":null,"data_fim_prazo":null,"em_tramitacao":true,"polemica":false,"objeto":"","complementar":false,"ementa":"INSTITUI\u00c7\u00c3O A OBRIGATORIEDADE DA REALIZA\u00c7\u00c3O ANUAL DE TESTES DE ACUIDADE VISUAL EM CRIAN\u00c7AS E ADOLESCENTES MATRICULADOS NA REDE P\u00daBLICA DE ENSINO FUNDAMENTAL E M\u00c9DIO  NO \u00c2MBITO DO MUNIC\u00cdPIO DE MENDES/RJ.","indexacao":"TESTES\r\nACUIDADE\r\nVISUAL\r\nCRIAN\u00c7AS\r\nADOLESCENTES\r\nFUNDAMENTAL\r\nM\u00c9DIO","observacao":"","resultado":"","texto_original":"http://sapl.mendes.rj.leg.br/media/sapl/public/materialegislativa/2026/95/proj_de_lei_acuidade_visual.pdf","data_ultima_atualizacao":"2026-04-17T15:08:42.616580-03:00","ip":"168.0.38.195","ultima_edicao":"2026-03-12T17:42:03.052517-03:00","tipo":18,"regime_tramitacao":1,"tipo_origem_externa":null,"local_origem_externa":null,"user":3,"anexadas":[],"autores":[9]}