{"id":2,"__str__":"Adilson da Dil\u00e9ia (1\u00ba orador)","link_detail_backend":"/sessao/orador/2","metadata":{},"numero_ordem":1,"url_discurso":"","observacao":"Solicita que a indica\u00e7\u00e3o n\u00ba 10 (retirada de \u00e1rvore) seja encaminhada com urg\u00eancia \u00e0 Defesa Civil.","upload_anexo":null,"sessao_plenaria":9,"parlamentar":1}